{"id":2897,"date":"2022-09-23T14:21:16","date_gmt":"2022-09-23T17:21:16","guid":{"rendered":"https:\/\/www.abert.org.br\/radioemmovimento\/?p=2897"},"modified":"2022-09-23T19:56:53","modified_gmt":"2022-09-23T22:56:53","slug":"exposicao-radio-em-movimento-termina-em-florianopolis","status":"publish","type":"post","link":"https:\/\/www.abert.org.br\/radioemmovimento\/exposicao-radio-em-movimento-termina-em-florianopolis\/","title":{"rendered":"Exposi\u00e7\u00e3o \u201cR\u00e1dio em Movimento\u201d termina em Florian\u00f3polis"},"content":{"rendered":"<p><strong>A\u00e7\u00e3o contou com a participa\u00e7\u00e3o do artista Luciano Martins<\/strong><\/p>\n<p>Depois de percorrer quase 2 mil quil\u00f4metros, a Exposi\u00e7\u00e3o Itinerante \u201cR\u00e1dio e Movimento\u201d completou na \u00faltima quinta-feira (22) em Florian\u00f3polis o roteiro pelo estado. A a\u00e7\u00e3o foi desenvolvida na Escola Municipal Osmar Cunha, em Canasvieiras, Florian\u00f3polis. Participaram a secret\u00e1ria-adjunta Municipal de Educa\u00e7\u00e3o, Fabr\u00edcia Luiz Sousa, o artista pl\u00e1stico Luciano Martins, diretor de Conte\u00fado, Luis Gustavo Fusinato e apresentador da Rede de Not\u00edcias ACAERT \u2013 RNA, Silvio Loddi.<\/p>\n<p>Durante a a\u00e7\u00e3o, houve intera\u00e7\u00e3o de Luciano Martins, que respondeu curiosidades de seu trabalho e chegou a pintar junto com os alunos. A Exposi\u00e7\u00e3o Itinerante \u201cR\u00e1dio em Movimento\u201d esteve em escolas de todas as regi\u00f5es do estado, reunindo cerca de 1 mil alunos entre 8 a 12 anos. A a\u00e7\u00e3o passou por Chapec\u00f3, Ca\u00e7ador, Lages, Crici\u00fama, Joinville, S\u00e3o Bento do Sul, Blumenau e Florian\u00f3polis. Foram expostas r\u00e9plicas de aparelhos antigos, estilo capelinha, que tiveram a interven\u00e7\u00e3o art\u00edstica de Caio Borges, Xico Bracht e Luciano Martins. Confira as fotos:<\/p>\n<div id='gallery-1' class='gallery galleryid-2897 gallery-columns-3 gallery-size-full'><figure class='gallery-item'>\n\t\t\t<div class='gallery-icon landscape'>\n\t\t\t\t<a href='https:\/\/www.abert.org.br\/radioemmovimento\/wp-content\/uploads\/2022\/09\/WhatsApp-Image-2022-09-23-at-13.48.40.jpeg'><img fetchpriority=\"high\" decoding=\"async\" width=\"1280\" height=\"853\" src=\"https:\/\/www.abert.org.br\/radioemmovimento\/wp-content\/uploads\/2022\/09\/WhatsApp-Image-2022-09-23-at-13.48.40.jpeg\" class=\"attachment-full size-full\" alt=\"\" srcset=\"https:\/\/www.abert.org.br\/radioemmovimento\/wp-content\/uploads\/2022\/09\/WhatsApp-Image-2022-09-23-at-13.48.40.jpeg 1280w, https:\/\/www.abert.org.br\/radioemmovimento\/wp-content\/uploads\/2022\/09\/WhatsApp-Image-2022-09-23-at-13.48.40-300x200.jpeg 300w, https:\/\/www.abert.org.br\/radioemmovimento\/wp-content\/uploads\/2022\/09\/WhatsApp-Image-2022-09-23-at-13.48.40-1024x682.jpeg 1024w, https:\/\/www.abert.org.br\/radioemmovimento\/wp-content\/uploads\/2022\/09\/WhatsApp-Image-2022-09-23-at-13.48.40-768x512.jpeg 768w\" sizes=\"(max-width: 1280px) 100vw, 1280px\" \/><\/a>\n\t\t\t<\/div><\/figure><figure class='gallery-item'>\n\t\t\t<div class='gallery-icon landscape'>\n\t\t\t\t<a href='https:\/\/www.abert.org.br\/radioemmovimento\/wp-content\/uploads\/2022\/09\/WhatsApp-Image-2022-09-23-at-13.48.40-1.jpeg'><img decoding=\"async\" width=\"1280\" height=\"853\" src=\"https:\/\/www.abert.org.br\/radioemmovimento\/wp-content\/uploads\/2022\/09\/WhatsApp-Image-2022-09-23-at-13.48.40-1.jpeg\" class=\"attachment-full size-full\" alt=\"\" srcset=\"https:\/\/www.abert.org.br\/radioemmovimento\/wp-content\/uploads\/2022\/09\/WhatsApp-Image-2022-09-23-at-13.48.40-1.jpeg 1280w, https:\/\/www.abert.org.br\/radioemmovimento\/wp-content\/uploads\/2022\/09\/WhatsApp-Image-2022-09-23-at-13.48.40-1-300x200.jpeg 300w, https:\/\/www.abert.org.br\/radioemmovimento\/wp-content\/uploads\/2022\/09\/WhatsApp-Image-2022-09-23-at-13.48.40-1-1024x682.jpeg 1024w, https:\/\/www.abert.org.br\/radioemmovimento\/wp-content\/uploads\/2022\/09\/WhatsApp-Image-2022-09-23-at-13.48.40-1-768x512.jpeg 768w\" sizes=\"(max-width: 1280px) 100vw, 1280px\" \/><\/a>\n\t\t\t<\/div><\/figure><figure class='gallery-item'>\n\t\t\t<div class='gallery-icon landscape'>\n\t\t\t\t<a href='https:\/\/www.abert.org.br\/radioemmovimento\/wp-content\/uploads\/2022\/09\/WhatsApp-Image-2022-09-23-at-13.48.37.jpeg'><img decoding=\"async\" width=\"1280\" height=\"853\" src=\"https:\/\/www.abert.org.br\/radioemmovimento\/wp-content\/uploads\/2022\/09\/WhatsApp-Image-2022-09-23-at-13.48.37.jpeg\" class=\"attachment-full size-full\" alt=\"\" srcset=\"https:\/\/www.abert.org.br\/radioemmovimento\/wp-content\/uploads\/2022\/09\/WhatsApp-Image-2022-09-23-at-13.48.37.jpeg 1280w, https:\/\/www.abert.org.br\/radioemmovimento\/wp-content\/uploads\/2022\/09\/WhatsApp-Image-2022-09-23-at-13.48.37-300x200.jpeg 300w, https:\/\/www.abert.org.br\/radioemmovimento\/wp-content\/uploads\/2022\/09\/WhatsApp-Image-2022-09-23-at-13.48.37-1024x682.jpeg 1024w, https:\/\/www.abert.org.br\/radioemmovimento\/wp-content\/uploads\/2022\/09\/WhatsApp-Image-2022-09-23-at-13.48.37-768x512.jpeg 768w\" sizes=\"(max-width: 1280px) 100vw, 1280px\" \/><\/a>\n\t\t\t<\/div><\/figure><figure class='gallery-item'>\n\t\t\t<div class='gallery-icon landscape'>\n\t\t\t\t<a href='https:\/\/www.abert.org.br\/radioemmovimento\/wp-content\/uploads\/2022\/09\/WhatsApp-Image-2022-09-23-at-13.48.37-1.jpeg'><img loading=\"lazy\" decoding=\"async\" width=\"1280\" height=\"853\" src=\"https:\/\/www.abert.org.br\/radioemmovimento\/wp-content\/uploads\/2022\/09\/WhatsApp-Image-2022-09-23-at-13.48.37-1.jpeg\" class=\"attachment-full size-full\" alt=\"\" srcset=\"https:\/\/www.abert.org.br\/radioemmovimento\/wp-content\/uploads\/2022\/09\/WhatsApp-Image-2022-09-23-at-13.48.37-1.jpeg 1280w, https:\/\/www.abert.org.br\/radioemmovimento\/wp-content\/uploads\/2022\/09\/WhatsApp-Image-2022-09-23-at-13.48.37-1-300x200.jpeg 300w, https:\/\/www.abert.org.br\/radioemmovimento\/wp-content\/uploads\/2022\/09\/WhatsApp-Image-2022-09-23-at-13.48.37-1-1024x682.jpeg 1024w, https:\/\/www.abert.org.br\/radioemmovimento\/wp-content\/uploads\/2022\/09\/WhatsApp-Image-2022-09-23-at-13.48.37-1-768x512.jpeg 768w\" sizes=\"(max-width: 1280px) 100vw, 1280px\" \/><\/a>\n\t\t\t<\/div><\/figure><figure class='gallery-item'>\n\t\t\t<div class='gallery-icon landscape'>\n\t\t\t\t<a href='https:\/\/www.abert.org.br\/radioemmovimento\/wp-content\/uploads\/2022\/09\/WhatsApp-Image-2022-09-23-at-13.48.35.jpeg'><img loading=\"lazy\" decoding=\"async\" width=\"1280\" height=\"853\" src=\"https:\/\/www.abert.org.br\/radioemmovimento\/wp-content\/uploads\/2022\/09\/WhatsApp-Image-2022-09-23-at-13.48.35.jpeg\" class=\"attachment-full size-full\" alt=\"\" srcset=\"https:\/\/www.abert.org.br\/radioemmovimento\/wp-content\/uploads\/2022\/09\/WhatsApp-Image-2022-09-23-at-13.48.35.jpeg 1280w, https:\/\/www.abert.org.br\/radioemmovimento\/wp-content\/uploads\/2022\/09\/WhatsApp-Image-2022-09-23-at-13.48.35-300x200.jpeg 300w, https:\/\/www.abert.org.br\/radioemmovimento\/wp-content\/uploads\/2022\/09\/WhatsApp-Image-2022-09-23-at-13.48.35-1024x682.jpeg 1024w, https:\/\/www.abert.org.br\/radioemmovimento\/wp-content\/uploads\/2022\/09\/WhatsApp-Image-2022-09-23-at-13.48.35-768x512.jpeg 768w\" sizes=\"(max-width: 1280px) 100vw, 1280px\" \/><\/a>\n\t\t\t<\/div><\/figure><figure class='gallery-item'>\n\t\t\t<div class='gallery-icon landscape'>\n\t\t\t\t<a href='https:\/\/www.abert.org.br\/radioemmovimento\/wp-content\/uploads\/2022\/09\/WhatsApp-Image-2022-09-23-at-13.48.35-1.jpeg'><img loading=\"lazy\" decoding=\"async\" width=\"1280\" height=\"853\" src=\"https:\/\/www.abert.org.br\/radioemmovimento\/wp-content\/uploads\/2022\/09\/WhatsApp-Image-2022-09-23-at-13.48.35-1.jpeg\" class=\"attachment-full size-full\" alt=\"\" srcset=\"https:\/\/www.abert.org.br\/radioemmovimento\/wp-content\/uploads\/2022\/09\/WhatsApp-Image-2022-09-23-at-13.48.35-1.jpeg 1280w, https:\/\/www.abert.org.br\/radioemmovimento\/wp-content\/uploads\/2022\/09\/WhatsApp-Image-2022-09-23-at-13.48.35-1-300x200.jpeg 300w, https:\/\/www.abert.org.br\/radioemmovimento\/wp-content\/uploads\/2022\/09\/WhatsApp-Image-2022-09-23-at-13.48.35-1-1024x682.jpeg 1024w, https:\/\/www.abert.org.br\/radioemmovimento\/wp-content\/uploads\/2022\/09\/WhatsApp-Image-2022-09-23-at-13.48.35-1-768x512.jpeg 768w\" sizes=\"(max-width: 1280px) 100vw, 1280px\" \/><\/a>\n\t\t\t<\/div><\/figure><figure class='gallery-item'>\n\t\t\t<div class='gallery-icon landscape'>\n\t\t\t\t<a href='https:\/\/www.abert.org.br\/radioemmovimento\/wp-content\/uploads\/2022\/09\/WhatsApp-Image-2022-09-23-at-13.48.34.jpeg'><img loading=\"lazy\" decoding=\"async\" width=\"1280\" height=\"853\" src=\"https:\/\/www.abert.org.br\/radioemmovimento\/wp-content\/uploads\/2022\/09\/WhatsApp-Image-2022-09-23-at-13.48.34.jpeg\" class=\"attachment-full size-full\" alt=\"\" srcset=\"https:\/\/www.abert.org.br\/radioemmovimento\/wp-content\/uploads\/2022\/09\/WhatsApp-Image-2022-09-23-at-13.48.34.jpeg 1280w, https:\/\/www.abert.org.br\/radioemmovimento\/wp-content\/uploads\/2022\/09\/WhatsApp-Image-2022-09-23-at-13.48.34-300x200.jpeg 300w, https:\/\/www.abert.org.br\/radioemmovimento\/wp-content\/uploads\/2022\/09\/WhatsApp-Image-2022-09-23-at-13.48.34-1024x682.jpeg 1024w, https:\/\/www.abert.org.br\/radioemmovimento\/wp-content\/uploads\/2022\/09\/WhatsApp-Image-2022-09-23-at-13.48.34-768x512.jpeg 768w\" sizes=\"(max-width: 1280px) 100vw, 1280px\" \/><\/a>\n\t\t\t<\/div><\/figure><figure class='gallery-item'>\n\t\t\t<div class='gallery-icon landscape'>\n\t\t\t\t<a href='https:\/\/www.abert.org.br\/radioemmovimento\/wp-content\/uploads\/2022\/09\/WhatsApp-Image-2022-09-23-at-13.48.34-2.jpeg'><img loading=\"lazy\" decoding=\"async\" width=\"1280\" height=\"853\" src=\"https:\/\/www.abert.org.br\/radioemmovimento\/wp-content\/uploads\/2022\/09\/WhatsApp-Image-2022-09-23-at-13.48.34-2.jpeg\" class=\"attachment-full size-full\" alt=\"\" srcset=\"https:\/\/www.abert.org.br\/radioemmovimento\/wp-content\/uploads\/2022\/09\/WhatsApp-Image-2022-09-23-at-13.48.34-2.jpeg 1280w, https:\/\/www.abert.org.br\/radioemmovimento\/wp-content\/uploads\/2022\/09\/WhatsApp-Image-2022-09-23-at-13.48.34-2-300x200.jpeg 300w, https:\/\/www.abert.org.br\/radioemmovimento\/wp-content\/uploads\/2022\/09\/WhatsApp-Image-2022-09-23-at-13.48.34-2-1024x682.jpeg 1024w, https:\/\/www.abert.org.br\/radioemmovimento\/wp-content\/uploads\/2022\/09\/WhatsApp-Image-2022-09-23-at-13.48.34-2-768x512.jpeg 768w\" sizes=\"(max-width: 1280px) 100vw, 1280px\" \/><\/a>\n\t\t\t<\/div><\/figure><figure class='gallery-item'>\n\t\t\t<div class='gallery-icon landscape'>\n\t\t\t\t<a href='https:\/\/www.abert.org.br\/radioemmovimento\/wp-content\/uploads\/2022\/09\/WhatsApp-Image-2022-09-23-at-13.48.34-1.jpeg'><img loading=\"lazy\" decoding=\"async\" width=\"1280\" height=\"853\" src=\"https:\/\/www.abert.org.br\/radioemmovimento\/wp-content\/uploads\/2022\/09\/WhatsApp-Image-2022-09-23-at-13.48.34-1.jpeg\" class=\"attachment-full size-full\" alt=\"\" srcset=\"https:\/\/www.abert.org.br\/radioemmovimento\/wp-content\/uploads\/2022\/09\/WhatsApp-Image-2022-09-23-at-13.48.34-1.jpeg 1280w, https:\/\/www.abert.org.br\/radioemmovimento\/wp-content\/uploads\/2022\/09\/WhatsApp-Image-2022-09-23-at-13.48.34-1-300x200.jpeg 300w, https:\/\/www.abert.org.br\/radioemmovimento\/wp-content\/uploads\/2022\/09\/WhatsApp-Image-2022-09-23-at-13.48.34-1-1024x682.jpeg 1024w, https:\/\/www.abert.org.br\/radioemmovimento\/wp-content\/uploads\/2022\/09\/WhatsApp-Image-2022-09-23-at-13.48.34-1-768x512.jpeg 768w\" sizes=\"(max-width: 1280px) 100vw, 1280px\" \/><\/a>\n\t\t\t<\/div><\/figure>\n\t\t<\/div>\n\n","protected":false},"excerpt":{"rendered":"<p>A\u00e7\u00e3o contou com a participa\u00e7\u00e3o do artista Luciano Martins Depois de percorrer quase 2 mil quil\u00f4metros, a Exposi\u00e7\u00e3o Itinerante \u201cR\u00e1dio e Movimento\u201d completou na \u00faltima quinta-feira (22) em Florian\u00f3polis o roteiro pelo estado. A a\u00e7\u00e3o foi desenvolvida na Escola Municipal Osmar Cunha, em Canasvieiras, Florian\u00f3polis. Participaram a secret\u00e1ria-adjunta Municipal de Educa\u00e7\u00e3o, Fabr\u00edcia Luiz Sousa, o [&hellip;]<\/p>\n","protected":false},"author":2,"featured_media":2905,"comment_status":"closed","ping_status":"closed","sticky":false,"template":"","format":"standard","meta":{"footnotes":""},"categories":[19],"tags":[],"class_list":["post-2897","post","type-post","status-publish","format-standard","has-post-thumbnail","hentry","category-noticias"],"_links":{"self":[{"href":"https:\/\/www.abert.org.br\/radioemmovimento\/wp-json\/wp\/v2\/posts\/2897","targetHints":{"allow":["GET"]}}],"collection":[{"href":"https:\/\/www.abert.org.br\/radioemmovimento\/wp-json\/wp\/v2\/posts"}],"about":[{"href":"https:\/\/www.abert.org.br\/radioemmovimento\/wp-json\/wp\/v2\/types\/post"}],"author":[{"embeddable":true,"href":"https:\/\/www.abert.org.br\/radioemmovimento\/wp-json\/wp\/v2\/users\/2"}],"replies":[{"embeddable":true,"href":"https:\/\/www.abert.org.br\/radioemmovimento\/wp-json\/wp\/v2\/comments?post=2897"}],"version-history":[{"count":17,"href":"https:\/\/www.abert.org.br\/radioemmovimento\/wp-json\/wp\/v2\/posts\/2897\/revisions"}],"predecessor-version":[{"id":2939,"href":"https:\/\/www.abert.org.br\/radioemmovimento\/wp-json\/wp\/v2\/posts\/2897\/revisions\/2939"}],"wp:featuredmedia":[{"embeddable":true,"href":"https:\/\/www.abert.org.br\/radioemmovimento\/wp-json\/wp\/v2\/media\/2905"}],"wp:attachment":[{"href":"https:\/\/www.abert.org.br\/radioemmovimento\/wp-json\/wp\/v2\/media?parent=2897"}],"wp:term":[{"taxonomy":"category","embeddable":true,"href":"https:\/\/www.abert.org.br\/radioemmovimento\/wp-json\/wp\/v2\/categories?post=2897"},{"taxonomy":"post_tag","embeddable":true,"href":"https:\/\/www.abert.org.br\/radioemmovimento\/wp-json\/wp\/v2\/tags?post=2897"}],"curies":[{"name":"wp","href":"https:\/\/api.w.org\/{rel}","templated":true}]}}