{"id":2958,"date":"2022-09-25T10:35:48","date_gmt":"2022-09-25T13:35:48","guid":{"rendered":"https:\/\/www.abert.org.br\/radioemmovimento\/?p=2958"},"modified":"2022-09-25T10:35:48","modified_gmt":"2022-09-25T13:35:48","slug":"ainda-da-tempo","status":"publish","type":"post","link":"https:\/\/www.abert.org.br\/radioemmovimento\/ainda-da-tempo\/","title":{"rendered":"Ainda d\u00e1 tempo!"},"content":{"rendered":"<p>Faltam poucas horas para o encerramento da vota\u00e7\u00e3o.<\/p>\n<p><a href=\"https:\/\/www.abert.org.br\/radioemmovimento\/#votacao\">Clique aqui<\/a> e escolha os finalistas que ir\u00e3o a Bras\u00edlia, serem expostos no Museu Nacional, em novembro!<\/p>\n","protected":false},"excerpt":{"rendered":"<p>Faltam poucas horas para o encerramento da vota\u00e7\u00e3o. Clique aqui e escolha os finalistas que ir\u00e3o a Bras\u00edlia, serem expostos no Museu Nacional, em novembro!<\/p>\n","protected":false},"author":1,"featured_media":2959,"comment_status":"closed","ping_status":"closed","sticky":false,"template":"","format":"standard","meta":{"footnotes":""},"categories":[19],"tags":[],"class_list":["post-2958","post","type-post","status-publish","format-standard","has-post-thumbnail","hentry","category-noticias"],"_links":{"self":[{"href":"https:\/\/www.abert.org.br\/radioemmovimento\/wp-json\/wp\/v2\/posts\/2958","targetHints":{"allow":["GET"]}}],"collection":[{"href":"https:\/\/www.abert.org.br\/radioemmovimento\/wp-json\/wp\/v2\/posts"}],"about":[{"href":"https:\/\/www.abert.org.br\/radioemmovimento\/wp-json\/wp\/v2\/types\/post"}],"author":[{"embeddable":true,"href":"https:\/\/www.abert.org.br\/radioemmovimento\/wp-json\/wp\/v2\/users\/1"}],"replies":[{"embeddable":true,"href":"https:\/\/www.abert.org.br\/radioemmovimento\/wp-json\/wp\/v2\/comments?post=2958"}],"version-history":[{"count":1,"href":"https:\/\/www.abert.org.br\/radioemmovimento\/wp-json\/wp\/v2\/posts\/2958\/revisions"}],"predecessor-version":[{"id":2960,"href":"https:\/\/www.abert.org.br\/radioemmovimento\/wp-json\/wp\/v2\/posts\/2958\/revisions\/2960"}],"wp:featuredmedia":[{"embeddable":true,"href":"https:\/\/www.abert.org.br\/radioemmovimento\/wp-json\/wp\/v2\/media\/2959"}],"wp:attachment":[{"href":"https:\/\/www.abert.org.br\/radioemmovimento\/wp-json\/wp\/v2\/media?parent=2958"}],"wp:term":[{"taxonomy":"category","embeddable":true,"href":"https:\/\/www.abert.org.br\/radioemmovimento\/wp-json\/wp\/v2\/categories?post=2958"},{"taxonomy":"post_tag","embeddable":true,"href":"https:\/\/www.abert.org.br\/radioemmovimento\/wp-json\/wp\/v2\/tags?post=2958"}],"curies":[{"name":"wp","href":"https:\/\/api.w.org\/{rel}","templated":true}]}}