{"id":3007,"date":"2022-10-28T12:44:02","date_gmt":"2022-10-28T15:44:02","guid":{"rendered":"https:\/\/www.abert.org.br\/radioemmovimento\/?p=3007"},"modified":"2022-10-28T12:44:02","modified_gmt":"2022-10-28T15:44:02","slug":"os-radios-finalistas-chegaram-ao-distrito-federal","status":"publish","type":"post","link":"https:\/\/www.abert.org.br\/radioemmovimento\/os-radios-finalistas-chegaram-ao-distrito-federal\/","title":{"rendered":"Os r\u00e1dios finalistas chegaram ao Distrito Federal!"},"content":{"rendered":"<p>Os 27 aparelhos modelo capelinha estilizados por artistas pl\u00e1sticos dos 26 estados e do Distrito Federal j\u00e1 est\u00e3o em Bras\u00edlia para a Mostra R\u00e1dio em Movimento, que acontece entre os dias 16 e 27 de novembro, no Museu Nacional da Rep\u00fablica.<\/p>\n<p>A exposi\u00e7\u00e3o \u00e9 uma homenagem aos 100 anos do r\u00e1dio e da Semana de Arte Moderna e tem como objetivo preservar a hist\u00f3ria e a arte do nosso pa\u00eds. A abertura, no dia 16, \u00e0s 11h, ter\u00e1 a apresenta\u00e7\u00e3o da Orquestra Sinf\u00f4nica do Teatro Claudio Santoro.<\/p>\n<p>Sob a reg\u00eancia do maestro Claudio Cohen, a orquestra apresentar\u00e1 arranjos musicais que marcaram o primeiro centen\u00e1rio do r\u00e1dio no Brasil.<\/p>\n<p>As obras art\u00edsticas retratam momentos e lembran\u00e7as da import\u00e2ncia do r\u00e1dio na vida dos autores e foram as mais votados pelo p\u00fablico em seus estados.<\/p>\n<p>Mais de 65 mil votos foram computados em todo o Brasil na vota\u00e7\u00e3o online que aconteceu entre os dias 7 e 25 de setembro.<\/p>\n","protected":false},"excerpt":{"rendered":"<p>Os 27 aparelhos modelo capelinha estilizados por artistas pl\u00e1sticos dos 26 estados e do Distrito Federal j\u00e1 est\u00e3o em Bras\u00edlia para a Mostra R\u00e1dio em Movimento, que acontece entre os dias 16 e 27 de novembro, no Museu Nacional da Rep\u00fablica. A exposi\u00e7\u00e3o \u00e9 uma homenagem aos 100 anos do r\u00e1dio e da Semana de [&hellip;]<\/p>\n","protected":false},"author":1,"featured_media":3008,"comment_status":"closed","ping_status":"closed","sticky":false,"template":"","format":"standard","meta":{"footnotes":""},"categories":[19],"tags":[],"class_list":["post-3007","post","type-post","status-publish","format-standard","has-post-thumbnail","hentry","category-noticias"],"_links":{"self":[{"href":"https:\/\/www.abert.org.br\/radioemmovimento\/wp-json\/wp\/v2\/posts\/3007","targetHints":{"allow":["GET"]}}],"collection":[{"href":"https:\/\/www.abert.org.br\/radioemmovimento\/wp-json\/wp\/v2\/posts"}],"about":[{"href":"https:\/\/www.abert.org.br\/radioemmovimento\/wp-json\/wp\/v2\/types\/post"}],"author":[{"embeddable":true,"href":"https:\/\/www.abert.org.br\/radioemmovimento\/wp-json\/wp\/v2\/users\/1"}],"replies":[{"embeddable":true,"href":"https:\/\/www.abert.org.br\/radioemmovimento\/wp-json\/wp\/v2\/comments?post=3007"}],"version-history":[{"count":1,"href":"https:\/\/www.abert.org.br\/radioemmovimento\/wp-json\/wp\/v2\/posts\/3007\/revisions"}],"predecessor-version":[{"id":3009,"href":"https:\/\/www.abert.org.br\/radioemmovimento\/wp-json\/wp\/v2\/posts\/3007\/revisions\/3009"}],"wp:featuredmedia":[{"embeddable":true,"href":"https:\/\/www.abert.org.br\/radioemmovimento\/wp-json\/wp\/v2\/media\/3008"}],"wp:attachment":[{"href":"https:\/\/www.abert.org.br\/radioemmovimento\/wp-json\/wp\/v2\/media?parent=3007"}],"wp:term":[{"taxonomy":"category","embeddable":true,"href":"https:\/\/www.abert.org.br\/radioemmovimento\/wp-json\/wp\/v2\/categories?post=3007"},{"taxonomy":"post_tag","embeddable":true,"href":"https:\/\/www.abert.org.br\/radioemmovimento\/wp-json\/wp\/v2\/tags?post=3007"}],"curies":[{"name":"wp","href":"https:\/\/api.w.org\/{rel}","templated":true}]}}